{"id":10922,"date":"2025-11-10T09:32:50","date_gmt":"2025-11-10T12:32:50","guid":{"rendered":"https:\/\/evcode.com.br\/bagy\/o-que-e-razao-social\/"},"modified":"2025-11-19T09:55:44","modified_gmt":"2025-11-19T12:55:44","slug":"o-que-e-razao-social","status":"publish","type":"post","link":"https:\/\/bagy.com.br\/blog\/o-que-e-razao-social\/","title":{"rendered":"O que \u00e9 raz\u00e3o social: entenda o significa e a import\u00e2ncia para sua empresa"},"content":{"rendered":"\n<p><strong>Raz\u00e3o social \u00e9 o nome jur\u00eddico e oficial de uma empresa, utilizado em registros legais, contratos e documentos fiscais. Diferente do nome fantasia que \u00e9 voltado para o p\u00fablico e a divulga\u00e7\u00e3o da marca, a raz\u00e3o social identifica formalmente a empresa junto aos \u00f3rg\u00e3os governamentais. <\/strong><\/p>\n\n\n\n<!--more-->\n\n\n\n<p>A raz\u00e3o social \u00e9 o\u00a0nome oficial da empresa perante os \u00f3rg\u00e3os p\u00fablicos e o mercado. <\/p>\n\n\n\n<p>\u00c9 com ele que voc\u00ea registra o<strong> <a href=\"https:\/\/bagy.com.br\/blog\/cnpj-para-loja-online\/\" target=\"_blank\" rel=\"noreferrer noopener\">CNPJ<\/a><\/strong>, abre conta banc\u00e1ria e assina contratos. <\/p>\n\n\n\n<p>Diferente do nome fantasia, que \u00e9 voltado ao cliente, a raz\u00e3o social representa a identidade jur\u00eddica da empresa.<\/p>\n\n\n\n<p>Nos pr\u00f3ximos par\u00e1grafos voc\u00ea vai ver por que a raz\u00e3o social \u00e9 t\u00e3o importante, como ela se diferencia do nome fantasia, al\u00e9m de dicas pr\u00e1ticas para escolher e registrar a sua sem complica\u00e7\u00e3o. <\/p>\n\n\n\n<p>Continue lendo!<\/p>\n\n\n\n<h2 class=\"wp-block-heading\"><strong>O que \u00e9 raz\u00e3o social?<\/strong><\/h2>\n\n\n\n<p>A raz\u00e3o social \u00e9 o\u00a0<strong>nome oficial da empresa<\/strong>, registrado na Junta Comercial e nos \u00f3rg\u00e3os de fiscaliza\u00e7\u00e3o. <\/p>\n\n\n\n<p>Ela representa a identidade que o neg\u00f3cio assume perante o Estado, sendo usada em\u00a0<strong><a href=\"https:\/\/bagy.com.br\/blog\/xml-da-nota-fisca\/\" target=\"_blank\" rel=\"noreferrer noopener\">documentos fiscais<\/a>,<\/strong> registros legais e obriga\u00e7\u00f5es cont\u00e1beis.<\/p>\n\n\n\n<p>Esse nome \u00e9 o que aparece no CNPJ, nos contratos firmados com fornecedores e em cadastros realizados junto a institui\u00e7\u00f5es financeiras. <\/p>\n\n\n\n<p>Assim, ele funciona como a forma jur\u00eddica pela qual a empresa \u00e9 reconhecida, dando validade \u00e0s suas atividades e opera\u00e7\u00f5es.<\/p>\n\n\n\n<p>Enquanto o nome fantasia \u00e9 voltado ao p\u00fablico,\u00a0a raz\u00e3o social est\u00e1 presente em toda rela\u00e7\u00e3o jur\u00eddica e administrativa. <\/p>\n\n\n\n<p>Assim, entender essa diferen\u00e7a ajuda a evitar confus\u00f5es e d\u00e1 mais clareza no processo de abertura e organiza\u00e7\u00e3o do neg\u00f3cio.<\/p>\n\n\n\n<h2 class=\"wp-block-heading\"><strong>Diferen\u00e7a entre raz\u00e3o social e nome fantasia<\/strong><\/h2>\n\n\n\n<p>Vale a pena aprofundar um pouco mais na difere\u00e7a entre os dois conceitos, de modo que ambos fiquem muito claros em sua mente. <\/p>\n\n\n\n<p>A raz\u00e3o social \u00e9 o nome oficial que identifica a empresa nos registros legais, essa parte voc\u00ea j\u00e1 deve ter entendido<\/p>\n\n\n\n<p>J\u00e1 o nome fantasia \u00e9\u00a0usado para divulgar o neg\u00f3cio ao p\u00fablico, sendo a marca que aparece em<strong>\u00a0<a href=\"https:\/\/bagy.com.br\/blog\/remarketing-pos-black-friday\/\" target=\"_blank\" rel=\"noreferrer noopener\">campanhas<\/a>,<\/strong> placas e redes sociais. <\/p>\n\n\n\n<p>Cada um cumpre um papel diferente e complementa a identidade da organiza\u00e7\u00e3o.<\/p>\n\n\n\n<p>Enquanto a raz\u00e3o social tem validade jur\u00eddica, o nome fantasia representa a comunica\u00e7\u00e3o direta com clientes. <\/p>\n\n\n\n<p>\u00c9 poss\u00edvel encontrar situa\u00e7\u00f5es em que as duas denomina\u00e7\u00f5es s\u00e3o bem distintas, como no exemplo: \u201cRaz\u00e3o social: Loja XYZ Ltda.; Nome fantasia: Moda para Voc\u00ea\u201d.<\/p>\n\n\n\n<p>Nesse sentido, a diferen\u00e7a est\u00e1 no objetivo de cada uma. <\/p>\n\n\n\n<figure class=\"wp-block-image aligncenter size-full is-resized\"><img loading=\"lazy\" decoding=\"async\" width=\"970\" height=\"455\" src=\"https:\/\/bagy.com.br\/blog\/wp-content\/uploads\/2022\/09\/image-4.png\" alt=\"Exemplo de Raz\u00e3o Social vs. Nome Fantasia - Lojas Renner\" class=\"wp-image-20746\" style=\"width:595px;height:auto\" srcset=\"https:\/\/bagy.com.br\/blog\/wp-content\/uploads\/2022\/09\/image-4.png 970w, https:\/\/bagy.com.br\/blog\/wp-content\/uploads\/2022\/09\/image-4-300x141.png 300w, https:\/\/bagy.com.br\/blog\/wp-content\/uploads\/2022\/09\/image-4-768x360.png 768w, https:\/\/bagy.com.br\/blog\/wp-content\/uploads\/2022\/09\/image-4-150x70.png 150w\" sizes=\"auto, (max-width: 970px) 100vw, 970px\" \/><figcaption class=\"wp-element-caption\">Exemplo de Raz\u00e3o Social vs. Nome Fantasia &#8211; Lojas Renner<\/figcaption><\/figure>\n\n\n\n<p>A primeira conecta a empresa aos \u00f3rg\u00e3os reguladores e institui\u00e7\u00f5es financeiras, enquanto a segunda refor\u00e7a a imagem que o consumidor reconhece no dia a dia.<\/p>\n\n\n\n<p>Ent\u00e3o, para acabarmos de vez com as d\u00favidas, segue um resumo:<\/p>\n\n\n\n<ul class=\"wp-block-list\">\n<li><strong>Raz\u00e3o Social:<\/strong> nome jur\u00eddico da empresa e que estar\u00e1 presente em seus documentos oficiais;<\/li>\n\n\n\n<li><strong>Nome Fantasia:<\/strong> nome que o seu p\u00fablico vai te chamar.<\/li>\n<\/ul>\n\n\n\n<h2 class=\"wp-block-heading\"><strong>Por que a raz\u00e3o social \u00e9 importante?<\/strong><\/h2>\n\n\n\n<p>A raz\u00e3o social est\u00e1 presente em diversas situa\u00e7\u00f5es cotidianas das empresas. <\/p>\n\n\n\n<p>Vamos demonstrar alguns exemplos nos pr\u00f3ximos t\u00f3picos. Confira!<\/p>\n\n\n\n<h3 class=\"wp-block-heading\">Legalidade<\/h3>\n\n\n\n<p>A formaliza\u00e7\u00e3o de um neg\u00f3cio exige que toda opera\u00e7\u00e3o esteja documentada, e a raz\u00e3o social \u00e9 a chave para isso acontecer.<\/p>\n\n\n\n<p>\u00c9 esse nome que autoriza a empresa a\u00a0<strong><a href=\"https:\/\/bagy.com.br\/blog\/como-emitir-nota-fiscal-mei\/\" target=\"_blank\" rel=\"noreferrer noopener\">emitir notas fiscais<\/a>\u00a0<\/strong>de produtos ou servi\u00e7os, formalizar contratos com fornecedores e participar de processos de licita\u00e7\u00e3o. <\/p>\n\n\n\n<p>Sem ele,\u00a0n\u00e3o h\u00e1 como atuar de forma regularizada diante dos \u00f3rg\u00e3os p\u00fablicos.<\/p>\n\n\n\n<h3 class=\"wp-block-heading\">Reconhecimento jur\u00eddico<\/h3>\n\n\n\n<p>A raz\u00e3o social transforma a empresa em uma entidade reconhecida pela lei. <\/p>\n\n\n\n<p>Isso significa que ela pode assumir responsabilidades, ser parte em processos judiciais e firmar compromissos que t\u00eam validade legal.<\/p>\n\n\n\n<p>Esse reconhecimento\u00a0\u00e9 o que separa uma atividade informal de uma organiza\u00e7\u00e3o consolidada, transmitindo confian\u00e7a a parceiros comerciais e clientes.<\/p>\n\n\n\n<h3 class=\"wp-block-heading\">Contabilidade<\/h3>\n\n\n\n<p>No campo cont\u00e1bil, a raz\u00e3o social organiza toda a vida financeira do neg\u00f3cio. <\/p>\n\n\n\n<p>\u00c9 com ela que bancos liberam\u00a0<strong><a href=\"https:\/\/bagy.com.br\/blog\/linha-de-credito-para-mei\/\" target=\"_blank\" rel=\"noreferrer noopener\">linhas de cr\u00e9dito<\/a>,<\/strong> contadores registram lan\u00e7amentos fiscais e auditores conseguem rastrear opera\u00e7\u00f5es.<\/p>\n\n\n\n<p>Assim, al\u00e9m de estruturar a parte legal, esse nome garante transpar\u00eancia e facilita a gest\u00e3o das obriga\u00e7\u00f5es que sustentam o crescimento.<\/p>\n\n\n\n<figure class=\"wp-block-embed is-type-video is-provider-youtube wp-block-embed-youtube wp-embed-aspect-16-9 wp-has-aspect-ratio\"><div class=\"wp-block-embed__wrapper\">\n<iframe loading=\"lazy\" title=\"TUDO sobre MEI - Passo a passo COMO ABRIR UM MEI em 2024\" width=\"800\" height=\"450\" src=\"https:\/\/www.youtube.com\/embed\/r-nJV6PBOzU?feature=oembed\" frameborder=\"0\" allow=\"accelerometer; autoplay; clipboard-write; encrypted-media; gyroscope; picture-in-picture; web-share\" referrerpolicy=\"strict-origin-when-cross-origin\" allowfullscreen><\/iframe>\n<\/div><\/figure>\n\n\n\n<h2 class=\"wp-block-heading\"><strong>Como escolher a raz\u00e3o social ideal?\u00a0<\/strong><\/h2>\n\n\n\n<p>A defini\u00e7\u00e3o da raz\u00e3o social n\u00e3o deve ser feita de qualquer jeito. <\/p>\n\n\n\n<p>Essa decis\u00e3o impacta tanto a parte burocr\u00e1tica quanto a imagem que o neg\u00f3cio transmite no mercado. <\/p>\n\n\n\n<p>Veja alguns pontos que ajudam a escolher com mais seguran\u00e7a.<\/p>\n\n\n\n<h3 class=\"wp-block-heading\">Verificar disponibilidade<\/h3>\n\n\n\n<p>Antes de tudo, \u00e9 importante confirmar se o nome desejado n\u00e3o est\u00e1 sendo usado por outra empresa. <\/p>\n\n\n\n<p>Essa pesquisa pode ser feita na Junta Comercial do seu estado e em bases da Receita Federal. <\/p>\n\n\n\n<p>Assim, evita-se problemas legais e a necessidade de altera\u00e7\u00f5es futuras.<\/p>\n\n\n\n<h3 class=\"wp-block-heading\">Evitar nomes longos ou confusos<\/h3>\n\n\n\n<p>Um nome muito extenso ou complicado pode atrapalhar registros e at\u00e9 mesmo causar erros em contratos.<\/p>\n\n\n\n<p>Quanto mais objetivo for, melhor para a administra\u00e7\u00e3o da empresa e para a rela\u00e7\u00e3o com parceiros. <\/p>\n\n\n\n<p>A simplicidade traz clareza nos documentos e reduz margem para falhas.<\/p>\n\n\n\n<h3 class=\"wp-block-heading\">Incluir a natureza jur\u00eddica<\/h3>\n\n\n\n<p>A raz\u00e3o social precisa trazer a natureza jur\u00eddica correspondente. <\/p>\n\n\n\n<p>Exemplos comuns s\u00e3o LTDA e <strong><a href=\"https:\/\/bagy.com.br\/blog\/como-abrir-um-mei\/\" target=\"_blank\" rel=\"noreferrer noopener\">MEI<\/a>.<\/strong> <\/p>\n\n\n\n<p>Essa inclus\u00e3o n\u00e3o \u00e9 apenas uma formalidade, mas um requisito obrigat\u00f3rio que diferencia o modelo de cada tipo de empresa perante a lei.<\/p>\n\n\n\n<h3 class=\"wp-block-heading\">Impacto no branding<\/h3>\n\n\n\n<p>Mesmo n\u00e3o sendo divulgado diretamente ao p\u00fablico, o nome oficial tamb\u00e9m transmite credibilidade.<\/p>\n\n\n\n<p>Investidores, bancos e fornecedores observam a raz\u00e3o social ao avaliar a seriedade do neg\u00f3cio. <\/p>\n\n\n\n<p>Por isso, vale considerar como esse nome pode influenciar a imagem da marca no longo prazo.<\/p>\n\n\n\n<p>Na hora de escolher a raz\u00e3o social da sua empresa, algumas regras b\u00e1sicas precisam ser seguidas. <\/p>\n\n\n\n<p>Veja quais s\u00e3o:<\/p>\n\n\n\n<ul class=\"wp-block-list\">\n<li><strong>Nome de identifica\u00e7\u00e3o da empresa:<\/strong> \u00e9 o nome que voc\u00ea escolher, podendo ser o nome dos s\u00f3cios ou uma sigla;<\/li>\n\n\n\n<li><strong>\u00c1rea de atua\u00e7\u00e3o: <\/strong>ap\u00f3s o nome de identifica\u00e7\u00e3o, acrescente a \u00e1rea de atua\u00e7\u00e3o da sua empresa (Servi\u00e7os de Limpeza Geral, Materiais de Constru\u00e7\u00e3o, etc.);<\/li>\n\n\n\n<li><strong>Formato jur\u00eddico:<\/strong> a sigla da natureza jur\u00eddica do seu neg\u00f3cio ser\u00e1 o \u00faltimo dos elementos da raz\u00e3o social.<\/li>\n<\/ul>\n\n\n\n<p>\u00c9 fundamental que voc\u00ea saiba qual \u00e9 o formato jur\u00eddico da sua empresa, que podem ser de 6 tipos:<\/p>\n\n\n\n<ol class=\"wp-block-list\">\n<li><strong>LTDA:<\/strong> empresa com n\u00famero limitado de s\u00f3cios;<\/li>\n\n\n\n<li><strong>EIRELI: <\/strong>sigla para \u201cEmpresa Individual de Responsabilidade Limitada\u201d e normalmente tem apenas um s\u00f3cio;<\/li>\n\n\n\n<li><strong>S.A:<\/strong> sigla para \u201cSociedade An\u00f4nima\u201d, isto \u00e9, empresas de capital aberto;<\/li>\n\n\n\n<li><strong>EPP:<\/strong> sigla para \u201cEmpresa de Pequeno Porte\u201d e que se enquadra no Simples Nacional, com faturamento entre R$ 120 mil e R$ 1,2 milh\u00e3o por ano;<\/li>\n\n\n\n<li><strong>ME:<\/strong> sigla para \u201cMicroempresa\u201d, optante pelo Simples Nacional, mas que fatura at\u00e9 R$ 120 mil por ano;<\/li>\n\n\n\n<li><strong><a href=\"https:\/\/bagy.com.br\/blog\/como-abrir-um-mei\/\" target=\"_blank\" rel=\"noreferrer noopener\">MEI:<\/a> <\/strong>sigla para \u201cMicroempreendedor Individual\u201d e que possui faturamento de at\u00e9 R$ 80 mil anual.<\/li>\n<\/ol>\n\n\n\n<h2 class=\"wp-block-heading\"><strong>Como registrar a raz\u00e3o social da sua empresa?<\/strong><\/h2>\n\n\n\n<p>Registrar a raz\u00e3o social \u00e9 uma das etapas mais importantes no processo de abertura de empresa. <\/p>\n\n\n\n<p>Esse passo deve ser feito na Junta Comercial do estado onde o neg\u00f3cio ter\u00e1 sua sede, seguindo um fluxo que envolve an\u00e1lise de documentos e pagamento de taxas espec\u00edficas.<\/p>\n\n\n\n<p>O primeiro passo \u00e9 reunir a documenta\u00e7\u00e3o exigida, que geralmente inclui c\u00f3pias de documentos pessoais dos s\u00f3cios, comprovante de endere\u00e7o, contrato social ou requerimento de empres\u00e1rio.<\/p>\n\n\n\n<p>Depois, \u00e9 preciso preencher os formul\u00e1rios fornecidos pela Junta Comercial, indicando a raz\u00e3o social escolhida, a natureza jur\u00eddica e os dados principais da empresa.<\/p>\n\n\n\n<p>Em seguida, ocorre o protocolo do pedido, junto com o pagamento das taxas de registro. <\/p>\n\n\n\n<p>Ap\u00f3s a an\u00e1lise e aprova\u00e7\u00e3o, a empresa passa a ter oficialmente uma raz\u00e3o social registrada e pode seguir com a inscri\u00e7\u00e3o no CNPJ e nos demais \u00f3rg\u00e3os necess\u00e1rios para o funcionamento.<\/p>\n\n\n\n<p>Vale lembrar que a raz\u00e3o social pode ser alterada no futuro, caso haja necessidade. <\/p>\n\n\n\n<p>Para isso, \u00e9 preciso protocolar uma solicita\u00e7\u00e3o de altera\u00e7\u00e3o contratual junto \u00e0 Junta Comercial, novamente apresentando documentos atualizados e pagando as taxas correspondentes.<\/p>\n\n\n\n<p>Essa possibilidade d\u00e1 flexibilidade para ajustes em caso de mudan\u00e7as de sociedade, reposicionamento da marca ou expans\u00e3o de atividades.<\/p>\n\n\n\n<h2 class=\"wp-block-heading\"><strong>Exemplos de raz\u00e3o social para diferentes tipos de empresas<\/strong><\/h2>\n\n\n\n<p>Para finalizar essa sess\u00e3o, vamos apresentar alguns exemplos fict\u00edcios de raz\u00e3o social para cada natureza jur\u00eddica. <\/p>\n\n\n\n<p>Come\u00e7aremos com o Microempreendedor Individual. <\/p>\n\n\n\n<p>Antes de 2022, o CPF do empreendedor fazia parte da raz\u00e3o social da empresa.<\/p>\n\n\n\n<p>Contudo, com a interpreta\u00e7\u00e3o da<strong> <a href=\"https:\/\/www.planalto.gov.br\/ccivil_03\/_ato2015-2018\/2018\/lei\/l13709.htm\" target=\"_blank\" rel=\"noreferrer noopener\">Lei Geral de Prote\u00e7\u00e3o de Dados<\/a>,<\/strong> a legisla\u00e7\u00e3o foi alterada e, atualmente, a raz\u00e3o social dessas empresas \u00e9 compostas pelo nome do empreendedor acrescentando os 8 primeiros d\u00edgitos do CPF. <\/p>\n\n\n\n<p><strong>Por exemplo:<\/strong><\/p>\n\n\n\n<ul class=\"wp-block-list\">\n<li>JO\u00c3O DA SILVA 52.956.232.<\/li>\n\n\n\n<li>MARIA DA SILVA89.999.543.<\/li>\n<\/ul>\n\n\n\n<p>Nas sociedades empresariais limitadas, os s\u00f3cios podem escolher a sua pr\u00f3pria raz\u00e3o social (caso esteja dispon\u00edvel). <\/p>\n\n\n\n<p>A \u00fanica exig\u00eancia \u00e9 que ela seja finalizada com a sigla LTDA. <\/p>\n\n\n\n<p>Por exemplo:<\/p>\n\n\n\n<ul class=\"wp-block-list\">\n<li>Com\u00e9rcio Digital Paulista LTDA.<\/li>\n\n\n\n<li>Souza&amp;Silva LTDA. <\/li>\n\n\n\n<li>Irm\u00e3osOliveiras LDTA.<\/li>\n<\/ul>\n\n\n\n<p>Por fim, temos as sociedades an\u00f4nimas, que devem ter ao final da sua raz\u00e3o social o termo S.A. <\/p>\n\n\n\n<p>Alguns exemplos reais incluem: <\/p>\n\n\n\n<h3 class=\"wp-block-heading\">Petrobras &#8211; Raz\u00e3o social: Petr\u00f3leo Brasileiro S.A<\/h3>\n\n\n\n<figure class=\"wp-block-image aligncenter size-full is-resized\"><img loading=\"lazy\" decoding=\"async\" width=\"1260\" height=\"282\" src=\"https:\/\/bagy.com.br\/blog\/wp-content\/uploads\/2022\/09\/image-1.png\" alt=\"\" class=\"wp-image-20743\" style=\"width:643px;height:auto\" srcset=\"https:\/\/bagy.com.br\/blog\/wp-content\/uploads\/2022\/09\/image-1.png 1260w, https:\/\/bagy.com.br\/blog\/wp-content\/uploads\/2022\/09\/image-1-300x67.png 300w, https:\/\/bagy.com.br\/blog\/wp-content\/uploads\/2022\/09\/image-1-768x172.png 768w, https:\/\/bagy.com.br\/blog\/wp-content\/uploads\/2022\/09\/image-1-150x34.png 150w\" sizes=\"auto, (max-width: 1260px) 100vw, 1260px\" \/><\/figure>\n\n\n\n<h3 class=\"wp-block-heading\">Ambev &#8211; Raz\u00e3o social: Ambev S.A<\/h3>\n\n\n\n<figure class=\"wp-block-image aligncenter size-full is-resized\"><img loading=\"lazy\" decoding=\"async\" width=\"970\" height=\"437\" src=\"https:\/\/bagy.com.br\/blog\/wp-content\/uploads\/2022\/09\/image-2.png\" alt=\"Ambev - Raz\u00e3o social: Ambev S.A\" class=\"wp-image-20744\" style=\"width:497px;height:auto\" srcset=\"https:\/\/bagy.com.br\/blog\/wp-content\/uploads\/2022\/09\/image-2.png 970w, https:\/\/bagy.com.br\/blog\/wp-content\/uploads\/2022\/09\/image-2-300x135.png 300w, https:\/\/bagy.com.br\/blog\/wp-content\/uploads\/2022\/09\/image-2-768x346.png 768w, https:\/\/bagy.com.br\/blog\/wp-content\/uploads\/2022\/09\/image-2-150x68.png 150w\" sizes=\"auto, (max-width: 970px) 100vw, 970px\" \/><\/figure>\n\n\n\n<h3 class=\"wp-block-heading\">Vale &#8211; Raz\u00e3o social: Vale. S.A<\/h3>\n\n\n\n<figure class=\"wp-block-image aligncenter size-full is-resized\"><img loading=\"lazy\" decoding=\"async\" width=\"1006\" height=\"413\" src=\"https:\/\/bagy.com.br\/blog\/wp-content\/uploads\/2022\/09\/image-3.png\" alt=\"Vale - Raz\u00e3o social: Vale. S.A\" class=\"wp-image-20745\" style=\"width:504px;height:auto\" srcset=\"https:\/\/bagy.com.br\/blog\/wp-content\/uploads\/2022\/09\/image-3.png 1006w, https:\/\/bagy.com.br\/blog\/wp-content\/uploads\/2022\/09\/image-3-300x123.png 300w, https:\/\/bagy.com.br\/blog\/wp-content\/uploads\/2022\/09\/image-3-768x315.png 768w, https:\/\/bagy.com.br\/blog\/wp-content\/uploads\/2022\/09\/image-3-150x62.png 150w\" sizes=\"auto, (max-width: 1006px) 100vw, 1006px\" \/><\/figure>\n\n\n\n<h2 class=\"wp-block-heading\"><strong>Quais s\u00e3o os erros comuns ao escolher a raz\u00e3o social da empresa?<\/strong><\/h2>\n\n\n\n<p>A defini\u00e7\u00e3o da raz\u00e3o social exige aten\u00e7\u00e3o, j\u00e1 que \u00e9 ela que vai representar a empresa diante da lei e de \u00f3rg\u00e3os reguladores.<\/p>\n\n\n\n<p>Apesar disso, muitos empreendedores acabam cometendo falhas simples que se transformam em grandes dores de cabe\u00e7a no futuro.<\/p>\n\n\n\n<p>Para evitar problemas e tornar a jornada mais tranquila, vale a pena conhecer os erros mais frequentes e entender por que eles comprometem a formaliza\u00e7\u00e3o do neg\u00f3cio.<\/p>\n\n\n\n<h3 class=\"wp-block-heading\">Escolher nomes j\u00e1 registrados ou muito parecidos com outras empresas<\/h3>\n\n\n\n<p>Um dos deslizes mais comuns acontece quando o empreendedor escolhe uma raz\u00e3o social j\u00e1 existente. <\/p>\n\n\n\n<p>Esse detalhe, que poderia ser resolvido com uma r\u00e1pida pesquisa, costuma atrasar bastante o processo de abertura da empresa.<\/p>\n\n\n\n<p>Al\u00e9m disso, utilizar nomes semelhantes aos de empresas conhecidas pode gerar confus\u00e3o no mercado, prejudicando a reputa\u00e7\u00e3o do novo neg\u00f3cio. <\/p>\n\n\n\n<p>Em casos mais s\u00e9rios, ainda pode resultar em processos judiciais por uso indevido.<\/p>\n\n\n\n<h3 class=\"wp-block-heading\">Ignorar a obrigatoriedade de incluir a natureza jur\u00eddica correta<\/h3>\n\n\n\n<p>A natureza jur\u00eddica n\u00e3o \u00e9 um detalhe opcional, mas um requisito legal.<\/p>\n\n\n\n<p>A aus\u00eancia dessa informa\u00e7\u00e3o na raz\u00e3o social impede a conclus\u00e3o do registro e obriga o empreendedor a refazer o processo.<\/p>\n\n\n\n<p>Esse tipo de erro, apesar de simples, atrasa o in\u00edcio das atividades e gera custos adicionais. <\/p>\n\n\n\n<p>Al\u00e9m do impacto burocr\u00e1tico, deixar essa informa\u00e7\u00e3o de fora compromete a transpar\u00eancia com fornecedores, bancos e parceiros comerciais, j\u00e1 que todos dependem desse dado para entender a estrutura da empresa.<\/p>\n\n\n\n<h3 class=\"wp-block-heading\">Optar por nomes pouco profissionais, extensos ou confusos<\/h3>\n\n\n\n<p>Outro equ\u00edvoco frequente \u00e9 escolher uma raz\u00e3o social sem levar em conta como ela ser\u00e1 vista no mercado. <\/p>\n\n\n\n<p>Nomes muito longos ou com termos inadequados dificultam cadastros em bancos, contratos e sistemas fiscais.<\/p>\n\n\n\n<p>Al\u00e9m disso, um nome confuso pode passar a impress\u00e3o de amadorismo, reduzindo a credibilidade da empresa diante de parceiros estrat\u00e9gicos.<\/p>\n\n\n\n<p>A raz\u00e3o social precisa transmitir seriedade e organiza\u00e7\u00e3o, j\u00e1 que ser\u00e1 usada em contextos formais, diferentes do nome fantasia voltado ao cliente final.<\/p>\n\n\n\n<h3 class=\"wp-block-heading\">Confundir a raz\u00e3o social com o nome fantasia da marca<\/h3>\n\n\n\n<p>Essa confus\u00e3o acontece com frequ\u00eancia entre empreendedores de primeira viagem. <\/p>\n\n\n\n<p>O nome fantasia \u00e9 voltado \u00e0 comunica\u00e7\u00e3o com o p\u00fablico e pode ser criativo, mas a raz\u00e3o social tem uma fun\u00e7\u00e3o completamente diferente, como j\u00e1 mencionamos.<\/p>\n\n\n\n<p>Misturar esses conceitos pode levar a erros em contratos e cadastros, causando atrasos e retrabalho. <\/p>\n\n\n\n<p>Ter clareza sobre essa distin\u00e7\u00e3o ajuda a organizar melhor a estrutura do neg\u00f3cio e evita problemas no dia a dia.<\/p>\n\n\n\n<h3 class=\"wp-block-heading\">Deixar de pensar no impacto futuro da raz\u00e3o social escolhida<\/h3>\n\n\n\n<p>Alguns empreendedores definem a raz\u00e3o social pensando apenas no momento inicial. <\/p>\n\n\n\n<p>O problema \u00e9 que o neg\u00f3cio pode evoluir, mudar de segmento ou expandir sua atua\u00e7\u00e3o, e o nome escolhido pode se tornar um limitador.<\/p>\n\n\n\n<p>Imagine, por exemplo, uma raz\u00e3o social vinculada a um \u00fanico produto ou <strong><a href=\"https:\/\/bagy.com.br\/blog\/nichos-que-mais-vendem-na-internet\/\" target=\"_blank\" rel=\"noreferrer noopener\">nicho de mercado<\/a> <\/strong>que, no futuro, n\u00e3o representa mais a realidade da empresa.<\/p>\n\n\n\n<p>Alterar esse dado \u00e9 poss\u00edvel, mas demanda tempo e novos custos de registro. <\/p>\n\n\n\n<p>Pensar a longo prazo reduz a chance de precisar passar por esse processo.<\/p>\n\n\n\n<h3 class=\"wp-block-heading\">Usar abrevia\u00e7\u00f5es ou siglas sem clareza de significado<\/h3>\n\n\n\n<p>Empresas que utilizam abrevia\u00e7\u00f5es gen\u00e9ricas ou siglas sem explica\u00e7\u00e3o correm o risco de criar uma identidade confusa.<\/p>\n\n\n\n<p>Esse problema pode gerar desconfian\u00e7a em clientes, fornecedores e at\u00e9 em institui\u00e7\u00f5es financeiras, que podem ter dificuldade em identificar a empresa em cadastros oficiais.<\/p>\n\n\n\n<p>Uma escolha mal estruturada impacta diretamente na credibilidade do neg\u00f3cio, mesmo em situa\u00e7\u00f5es formais simples, como a abertura de conta banc\u00e1ria ou a solicita\u00e7\u00e3o de cr\u00e9dito.<\/p>\n\n\n\n<h3 class=\"wp-block-heading\"><strong>Pronto para formalizar seu neg\u00f3cio?<\/strong><\/h3>\n\n\n\n<p>Agora que voc\u00ea j\u00e1 entendeu o que \u00e9 raz\u00e3o social, o pr\u00f3ximo passo \u00e9 dar in\u00edcio \u00e0 formaliza\u00e7\u00e3o do seu e-commerce. <\/p>\n\n\n\n<p>Para isso, recomendamos a leitura do nosso conte\u00fado completo sobre como abrir um MEI e come\u00e7ar a vender legalmente.<\/p>\n\n\n\n<p><a href=\"https:\/\/bagy.com.br\/blog\/como-abrir-um-mei\/\" target=\"_blank\" rel=\"noreferrer noopener\"><strong>Clique aqui para acessar o guia completo sobre como abrir um MEI<\/strong><\/a><\/p>\n\n\n\n<div style=\"height:37px\" aria-hidden=\"true\" class=\"wp-block-spacer\"><\/div>\n\n\n\n<h2 class=\"wp-block-heading\"><strong>D\u00favidas frequentes sobre raz\u00e3o social<\/strong><\/h2>\n\n\n\n<p>Para deixar ainda mais claro o tema, veja respostas r\u00e1pidas para quest\u00f5es que costumam surgir entre empreendedores que est\u00e3o no processo de formaliza\u00e7\u00e3o. <\/p>\n\n\n\n<p>Continue lendo!<\/p>\n\n\n\n<div class=\"schema-faq wp-block-yoast-faq-block\"><div class=\"schema-faq-section\" id=\"faq-question-1763556161344\"><strong class=\"schema-faq-question\">Qual a diferen\u00e7a entre raz\u00e3o social e nome fantasia?<\/strong> <p class=\"schema-faq-answer\">A raz\u00e3o social \u00e9 o nome oficial, usado em documentos fiscais e registros legais. O nome fantasia \u00e9 a marca apresentada ao p\u00fablico no dia a dia.<\/p> <\/div> <div class=\"schema-faq-section\" id=\"faq-question-1763556196902\"><strong class=\"schema-faq-question\">Posso alterar a raz\u00e3o social depois de registrada?<\/strong> <p class=\"schema-faq-answer\">Sim. \u00c9 poss\u00edvel solicitar a mudan\u00e7a na Junta Comercial, apresentando documenta\u00e7\u00e3o atualizada e pagando as taxas correspondentes.<\/p> <\/div> <div class=\"schema-faq-section\" id=\"faq-question-1763556210869\"><strong class=\"schema-faq-question\">\u00c9 obrigat\u00f3rio incluir a natureza jur\u00eddica no nome?<\/strong> <p class=\"schema-faq-answer\">Sim. Siglas como LTDA, MEI ou EIRELI precisam estar na raz\u00e3o social, pois indicam o tipo jur\u00eddico da empresa.<\/p> <\/div> <div class=\"schema-faq-section\" id=\"faq-question-1763556225859\"><strong class=\"schema-faq-question\">Como saber se a raz\u00e3o social desejada est\u00e1 dispon\u00edvel?<\/strong> <p class=\"schema-faq-answer\">Basta consultar a Junta Comercial do estado ou a base da Receita Federal. Isso evita conflitos e atrasos no registro.<\/p> <\/div> <div class=\"schema-faq-section\" id=\"faq-question-1763556241002\"><strong class=\"schema-faq-question\">A raz\u00e3o social aparece para clientes ou s\u00f3 \u00e9 usada legalmente?<\/strong> <p class=\"schema-faq-answer\">Normalmente, ela n\u00e3o aparece na divulga\u00e7\u00e3o ao p\u00fablico. O cliente conhece a marca pelo nome fantasia, enquanto a raz\u00e3o social \u00e9 usada em notas fiscais e contratos.<\/p> <\/div> <div class=\"schema-faq-section\" id=\"faq-question-1763556259101\"><strong class=\"schema-faq-question\">Qual \u00f3rg\u00e3o \u00e9 respons\u00e1vel pelo registro da raz\u00e3o social?<\/strong> <p class=\"schema-faq-answer\">O registro \u00e9 feito na Junta Comercial do estado onde a empresa ser\u00e1 aberta. A partir da\u00ed, os dados s\u00e3o integrados com a Receita Federal para emiss\u00e3o do CNPJ.<\/p> <\/div> <\/div>\n\n\n\n<p><\/p>\n","protected":false},"excerpt":{"rendered":"<p>Raz\u00e3o social \u00e9 o nome jur\u00eddico e oficial de uma empresa, utilizado em registros legais, contratos e documentos fiscais. Diferente do nome fantasia que \u00e9 voltado para o p\u00fablico e a divulga\u00e7\u00e3o da marca, a raz\u00e3o social identifica formalmente a empresa junto aos \u00f3rg\u00e3os governamentais.<\/p>\n","protected":false},"author":30,"featured_media":11222,"comment_status":"open","ping_status":"open","sticky":false,"template":"","format":"standard","meta":{"_acf_changed":false,"content-type":"","om_disable_all_campaigns":false,"footnotes":""},"categories":[22],"tags":[],"class_list":["post-10922","post","type-post","status-publish","format-standard","has-post-thumbnail","hentry","category-gestao"],"acf":[],"yoast_head":"<!-- This site is optimized with the Yoast SEO plugin v26.2 - https:\/\/yoast.com\/wordpress\/plugins\/seo\/ -->\n<title>Raz\u00e3o social: o que \u00e9, para que serve e como registrar<\/title>\n<meta name=\"description\" content=\"Entenda o que \u00e9 raz\u00e3o social, como ela funciona e qual a sua import\u00e2ncia para abrir e formalizar um neg\u00f3cio no e-commerce.\" \/>\n<meta name=\"robots\" content=\"index, follow, max-snippet:-1, max-image-preview:large, max-video-preview:-1\" \/>\n<link rel=\"canonical\" href=\"https:\/\/bagy.com.br\/blog\/o-que-e-razao-social\/\" \/>\n<meta property=\"og:locale\" content=\"pt_BR\" \/>\n<meta property=\"og:type\" content=\"article\" \/>\n<meta property=\"og:title\" content=\"Raz\u00e3o social: o que \u00e9, para que serve e como registrar\" \/>\n<meta property=\"og:description\" content=\"Entenda o que \u00e9 raz\u00e3o social, como ela funciona e qual a sua import\u00e2ncia para abrir e formalizar um neg\u00f3cio no e-commerce.\" \/>\n<meta property=\"og:url\" content=\"https:\/\/bagy.com.br\/blog\/o-que-e-razao-social\/\" \/>\n<meta property=\"og:site_name\" content=\"Blog da Bagy\" \/>\n<meta property=\"article:published_time\" content=\"2025-11-10T12:32:50+00:00\" \/>\n<meta property=\"article:modified_time\" content=\"2025-11-19T12:55:44+00:00\" \/>\n<meta property=\"og:image\" content=\"https:\/\/bagy.com.br\/blog\/wp-content\/uploads\/2023\/01\/o-que-e-razao-social-1.jpg\" \/>\n\t<meta property=\"og:image:width\" content=\"1200\" \/>\n\t<meta property=\"og:image:height\" content=\"801\" \/>\n\t<meta property=\"og:image:type\" content=\"image\/jpeg\" \/>\n<meta name=\"author\" content=\"Marina Correa\" \/>\n<meta name=\"twitter:card\" content=\"summary_large_image\" \/>\n<meta name=\"twitter:label1\" content=\"Escrito por\" \/>\n\t<meta name=\"twitter:data1\" content=\"Marina Correa\" \/>\n\t<meta name=\"twitter:label2\" content=\"Est. tempo de leitura\" \/>\n\t<meta name=\"twitter:data2\" content=\"14 minutos\" \/>\n<script type=\"application\/ld+json\" class=\"yoast-schema-graph\">{\"@context\":\"https:\/\/schema.org\",\"@graph\":[{\"@type\":\"Article\",\"@id\":\"https:\/\/bagy.com.br\/blog\/o-que-e-razao-social\/#article\",\"isPartOf\":{\"@id\":\"https:\/\/bagy.com.br\/blog\/o-que-e-razao-social\/\"},\"author\":{\"name\":\"Marina Correa\",\"@id\":\"https:\/\/bagy.com.br\/blog\/#\/schema\/person\/14c2402cc9dbed63def871b88d3a5844\"},\"headline\":\"O que \u00e9 raz\u00e3o social: entenda o significa e a import\u00e2ncia para sua empresa\",\"datePublished\":\"2025-11-10T12:32:50+00:00\",\"dateModified\":\"2025-11-19T12:55:44+00:00\",\"mainEntityOfPage\":{\"@id\":\"https:\/\/bagy.com.br\/blog\/o-que-e-razao-social\/\"},\"wordCount\":2559,\"commentCount\":0,\"publisher\":{\"@id\":\"https:\/\/bagy.com.br\/blog\/#organization\"},\"image\":{\"@id\":\"https:\/\/bagy.com.br\/blog\/o-que-e-razao-social\/#primaryimage\"},\"thumbnailUrl\":\"https:\/\/bagy.com.br\/blog\/wp-content\/uploads\/2023\/01\/o-que-e-razao-social-1.jpg\",\"articleSection\":[\"Gest\u00e3o\"],\"inLanguage\":\"pt-BR\",\"potentialAction\":[{\"@type\":\"CommentAction\",\"name\":\"Comment\",\"target\":[\"https:\/\/bagy.com.br\/blog\/o-que-e-razao-social\/#respond\"]}]},{\"@type\":[\"WebPage\",\"FAQPage\"],\"@id\":\"https:\/\/bagy.com.br\/blog\/o-que-e-razao-social\/\",\"url\":\"https:\/\/bagy.com.br\/blog\/o-que-e-razao-social\/\",\"name\":\"Raz\u00e3o social: o que \u00e9, para que serve e como registrar\",\"isPartOf\":{\"@id\":\"https:\/\/bagy.com.br\/blog\/#website\"},\"primaryImageOfPage\":{\"@id\":\"https:\/\/bagy.com.br\/blog\/o-que-e-razao-social\/#primaryimage\"},\"image\":{\"@id\":\"https:\/\/bagy.com.br\/blog\/o-que-e-razao-social\/#primaryimage\"},\"thumbnailUrl\":\"https:\/\/bagy.com.br\/blog\/wp-content\/uploads\/2023\/01\/o-que-e-razao-social-1.jpg\",\"datePublished\":\"2025-11-10T12:32:50+00:00\",\"dateModified\":\"2025-11-19T12:55:44+00:00\",\"description\":\"Entenda o que \u00e9 raz\u00e3o social, como ela funciona e qual a sua import\u00e2ncia para abrir e formalizar um neg\u00f3cio no e-commerce.\",\"breadcrumb\":{\"@id\":\"https:\/\/bagy.com.br\/blog\/o-que-e-razao-social\/#breadcrumb\"},\"mainEntity\":[{\"@id\":\"https:\/\/bagy.com.br\/blog\/o-que-e-razao-social\/#faq-question-1763556161344\"},{\"@id\":\"https:\/\/bagy.com.br\/blog\/o-que-e-razao-social\/#faq-question-1763556196902\"},{\"@id\":\"https:\/\/bagy.com.br\/blog\/o-que-e-razao-social\/#faq-question-1763556210869\"},{\"@id\":\"https:\/\/bagy.com.br\/blog\/o-que-e-razao-social\/#faq-question-1763556225859\"},{\"@id\":\"https:\/\/bagy.com.br\/blog\/o-que-e-razao-social\/#faq-question-1763556241002\"},{\"@id\":\"https:\/\/bagy.com.br\/blog\/o-que-e-razao-social\/#faq-question-1763556259101\"}],\"inLanguage\":\"pt-BR\",\"potentialAction\":[{\"@type\":\"ReadAction\",\"target\":[\"https:\/\/bagy.com.br\/blog\/o-que-e-razao-social\/\"]}]},{\"@type\":\"ImageObject\",\"inLanguage\":\"pt-BR\",\"@id\":\"https:\/\/bagy.com.br\/blog\/o-que-e-razao-social\/#primaryimage\",\"url\":\"https:\/\/bagy.com.br\/blog\/wp-content\/uploads\/2023\/01\/o-que-e-razao-social-1.jpg\",\"contentUrl\":\"https:\/\/bagy.com.br\/blog\/wp-content\/uploads\/2023\/01\/o-que-e-razao-social-1.jpg\",\"width\":1200,\"height\":801,\"caption\":\"Imagem ilustrativa de o que \u00e9 raz\u00e3o social\"},{\"@type\":\"BreadcrumbList\",\"@id\":\"https:\/\/bagy.com.br\/blog\/o-que-e-razao-social\/#breadcrumb\",\"itemListElement\":[{\"@type\":\"ListItem\",\"position\":1,\"name\":\"Home\",\"item\":\"https:\/\/bagy.com.br\/blog\/\"},{\"@type\":\"ListItem\",\"position\":2,\"name\":\"O que \u00e9 raz\u00e3o social: entenda o significa e a import\u00e2ncia para sua empresa\"}]},{\"@type\":\"WebSite\",\"@id\":\"https:\/\/bagy.com.br\/blog\/#website\",\"url\":\"https:\/\/bagy.com.br\/blog\/\",\"name\":\"Blog da Bagy\",\"description\":\"Venda mais na sua loja online!\",\"publisher\":{\"@id\":\"https:\/\/bagy.com.br\/blog\/#organization\"},\"potentialAction\":[{\"@type\":\"SearchAction\",\"target\":{\"@type\":\"EntryPoint\",\"urlTemplate\":\"https:\/\/bagy.com.br\/blog\/?s={search_term_string}\"},\"query-input\":{\"@type\":\"PropertyValueSpecification\",\"valueRequired\":true,\"valueName\":\"search_term_string\"}}],\"inLanguage\":\"pt-BR\"},{\"@type\":\"Organization\",\"@id\":\"https:\/\/bagy.com.br\/blog\/#organization\",\"name\":\"Blog da Bagy\",\"url\":\"https:\/\/bagy.com.br\/blog\/\",\"logo\":{\"@type\":\"ImageObject\",\"inLanguage\":\"pt-BR\",\"@id\":\"https:\/\/bagy.com.br\/blog\/#\/schema\/logo\/image\/\",\"url\":\"https:\/\/bagy.com.br\/blog\/wp-content\/uploads\/2023\/05\/logo_3.png\",\"contentUrl\":\"https:\/\/bagy.com.br\/blog\/wp-content\/uploads\/2023\/05\/logo_3.png\",\"width\":1080,\"height\":1080,\"caption\":\"Blog da Bagy\"},\"image\":{\"@id\":\"https:\/\/bagy.com.br\/blog\/#\/schema\/logo\/image\/\"}},{\"@type\":\"Person\",\"@id\":\"https:\/\/bagy.com.br\/blog\/#\/schema\/person\/14c2402cc9dbed63def871b88d3a5844\",\"name\":\"Marina Correa\",\"image\":{\"@type\":\"ImageObject\",\"inLanguage\":\"pt-BR\",\"@id\":\"https:\/\/bagy.com.br\/blog\/#\/schema\/person\/image\/\",\"url\":\"https:\/\/secure.gravatar.com\/avatar\/9cb330441883a2ce7b2e404ab12232d0eea7eb96ac20228e41519205bf693043?s=96&d=mm&r=g\",\"contentUrl\":\"https:\/\/secure.gravatar.com\/avatar\/9cb330441883a2ce7b2e404ab12232d0eea7eb96ac20228e41519205bf693043?s=96&d=mm&r=g\",\"caption\":\"Marina Correa\"},\"description\":\"Graduanda em Letras pela UFMG, atua como Analista de Conte\u00fado da Commerce SMB (LWSA). Com uma experi\u00eancia de mais de 4 anos no mercado digital, possui vasto conhecimento sobre empreendedorismo e vendas online. Hoje se dedica a trazer conte\u00fados de valor para lojistas que desejam aprender mais sobre o universo do e-commerce.\",\"sameAs\":[\"https:\/\/www.linkedin.com\/in\/marinaacorreaa\"]},{\"@type\":\"Question\",\"@id\":\"https:\/\/bagy.com.br\/blog\/o-que-e-razao-social\/#faq-question-1763556161344\",\"position\":1,\"url\":\"https:\/\/bagy.com.br\/blog\/o-que-e-razao-social\/#faq-question-1763556161344\",\"name\":\"Qual a diferen\u00e7a entre raz\u00e3o social e nome fantasia?\",\"answerCount\":1,\"acceptedAnswer\":{\"@type\":\"Answer\",\"text\":\"A raz\u00e3o social \u00e9 o nome oficial, usado em documentos fiscais e registros legais. O nome fantasia \u00e9 a marca apresentada ao p\u00fablico no dia a dia.\",\"inLanguage\":\"pt-BR\"},\"inLanguage\":\"pt-BR\"},{\"@type\":\"Question\",\"@id\":\"https:\/\/bagy.com.br\/blog\/o-que-e-razao-social\/#faq-question-1763556196902\",\"position\":2,\"url\":\"https:\/\/bagy.com.br\/blog\/o-que-e-razao-social\/#faq-question-1763556196902\",\"name\":\"Posso alterar a raz\u00e3o social depois de registrada?\",\"answerCount\":1,\"acceptedAnswer\":{\"@type\":\"Answer\",\"text\":\"Sim. \u00c9 poss\u00edvel solicitar a mudan\u00e7a na Junta Comercial, apresentando documenta\u00e7\u00e3o atualizada e pagando as taxas correspondentes.\",\"inLanguage\":\"pt-BR\"},\"inLanguage\":\"pt-BR\"},{\"@type\":\"Question\",\"@id\":\"https:\/\/bagy.com.br\/blog\/o-que-e-razao-social\/#faq-question-1763556210869\",\"position\":3,\"url\":\"https:\/\/bagy.com.br\/blog\/o-que-e-razao-social\/#faq-question-1763556210869\",\"name\":\"\u00c9 obrigat\u00f3rio incluir a natureza jur\u00eddica no nome?\",\"answerCount\":1,\"acceptedAnswer\":{\"@type\":\"Answer\",\"text\":\"Sim. Siglas como LTDA, MEI ou EIRELI precisam estar na raz\u00e3o social, pois indicam o tipo jur\u00eddico da empresa.\",\"inLanguage\":\"pt-BR\"},\"inLanguage\":\"pt-BR\"},{\"@type\":\"Question\",\"@id\":\"https:\/\/bagy.com.br\/blog\/o-que-e-razao-social\/#faq-question-1763556225859\",\"position\":4,\"url\":\"https:\/\/bagy.com.br\/blog\/o-que-e-razao-social\/#faq-question-1763556225859\",\"name\":\"Como saber se a raz\u00e3o social desejada est\u00e1 dispon\u00edvel?\",\"answerCount\":1,\"acceptedAnswer\":{\"@type\":\"Answer\",\"text\":\"Basta consultar a Junta Comercial do estado ou a base da Receita Federal. Isso evita conflitos e atrasos no registro.\",\"inLanguage\":\"pt-BR\"},\"inLanguage\":\"pt-BR\"},{\"@type\":\"Question\",\"@id\":\"https:\/\/bagy.com.br\/blog\/o-que-e-razao-social\/#faq-question-1763556241002\",\"position\":5,\"url\":\"https:\/\/bagy.com.br\/blog\/o-que-e-razao-social\/#faq-question-1763556241002\",\"name\":\"A raz\u00e3o social aparece para clientes ou s\u00f3 \u00e9 usada legalmente?\",\"answerCount\":1,\"acceptedAnswer\":{\"@type\":\"Answer\",\"text\":\"Normalmente, ela n\u00e3o aparece na divulga\u00e7\u00e3o ao p\u00fablico. O cliente conhece a marca pelo nome fantasia, enquanto a raz\u00e3o social \u00e9 usada em notas fiscais e contratos.\",\"inLanguage\":\"pt-BR\"},\"inLanguage\":\"pt-BR\"},{\"@type\":\"Question\",\"@id\":\"https:\/\/bagy.com.br\/blog\/o-que-e-razao-social\/#faq-question-1763556259101\",\"position\":6,\"url\":\"https:\/\/bagy.com.br\/blog\/o-que-e-razao-social\/#faq-question-1763556259101\",\"name\":\"Qual \u00f3rg\u00e3o \u00e9 respons\u00e1vel pelo registro da raz\u00e3o social?\",\"answerCount\":1,\"acceptedAnswer\":{\"@type\":\"Answer\",\"text\":\"O registro \u00e9 feito na Junta Comercial do estado onde a empresa ser\u00e1 aberta. A partir da\u00ed, os dados s\u00e3o integrados com a Receita Federal para emiss\u00e3o do CNPJ.\",\"inLanguage\":\"pt-BR\"},\"inLanguage\":\"pt-BR\"}]}<\/script>\n<!-- \/ Yoast SEO plugin. -->","yoast_head_json":{"title":"Raz\u00e3o social: o que \u00e9, para que serve e como registrar","description":"Entenda o que \u00e9 raz\u00e3o social, como ela funciona e qual a sua import\u00e2ncia para abrir e formalizar um neg\u00f3cio no e-commerce.","robots":{"index":"index","follow":"follow","max-snippet":"max-snippet:-1","max-image-preview":"max-image-preview:large","max-video-preview":"max-video-preview:-1"},"canonical":"https:\/\/bagy.com.br\/blog\/o-que-e-razao-social\/","og_locale":"pt_BR","og_type":"article","og_title":"Raz\u00e3o social: o que \u00e9, para que serve e como registrar","og_description":"Entenda o que \u00e9 raz\u00e3o social, como ela funciona e qual a sua import\u00e2ncia para abrir e formalizar um neg\u00f3cio no e-commerce.","og_url":"https:\/\/bagy.com.br\/blog\/o-que-e-razao-social\/","og_site_name":"Blog da Bagy","article_published_time":"2025-11-10T12:32:50+00:00","article_modified_time":"2025-11-19T12:55:44+00:00","og_image":[{"width":1200,"height":801,"url":"https:\/\/bagy.com.br\/blog\/wp-content\/uploads\/2023\/01\/o-que-e-razao-social-1.jpg","type":"image\/jpeg"}],"author":"Marina Correa","twitter_card":"summary_large_image","twitter_misc":{"Escrito por":"Marina Correa","Est. tempo de leitura":"14 minutos"},"schema":{"@context":"https:\/\/schema.org","@graph":[{"@type":"Article","@id":"https:\/\/bagy.com.br\/blog\/o-que-e-razao-social\/#article","isPartOf":{"@id":"https:\/\/bagy.com.br\/blog\/o-que-e-razao-social\/"},"author":{"name":"Marina Correa","@id":"https:\/\/bagy.com.br\/blog\/#\/schema\/person\/14c2402cc9dbed63def871b88d3a5844"},"headline":"O que \u00e9 raz\u00e3o social: entenda o significa e a import\u00e2ncia para sua empresa","datePublished":"2025-11-10T12:32:50+00:00","dateModified":"2025-11-19T12:55:44+00:00","mainEntityOfPage":{"@id":"https:\/\/bagy.com.br\/blog\/o-que-e-razao-social\/"},"wordCount":2559,"commentCount":0,"publisher":{"@id":"https:\/\/bagy.com.br\/blog\/#organization"},"image":{"@id":"https:\/\/bagy.com.br\/blog\/o-que-e-razao-social\/#primaryimage"},"thumbnailUrl":"https:\/\/bagy.com.br\/blog\/wp-content\/uploads\/2023\/01\/o-que-e-razao-social-1.jpg","articleSection":["Gest\u00e3o"],"inLanguage":"pt-BR","potentialAction":[{"@type":"CommentAction","name":"Comment","target":["https:\/\/bagy.com.br\/blog\/o-que-e-razao-social\/#respond"]}]},{"@type":["WebPage","FAQPage"],"@id":"https:\/\/bagy.com.br\/blog\/o-que-e-razao-social\/","url":"https:\/\/bagy.com.br\/blog\/o-que-e-razao-social\/","name":"Raz\u00e3o social: o que \u00e9, para que serve e como registrar","isPartOf":{"@id":"https:\/\/bagy.com.br\/blog\/#website"},"primaryImageOfPage":{"@id":"https:\/\/bagy.com.br\/blog\/o-que-e-razao-social\/#primaryimage"},"image":{"@id":"https:\/\/bagy.com.br\/blog\/o-que-e-razao-social\/#primaryimage"},"thumbnailUrl":"https:\/\/bagy.com.br\/blog\/wp-content\/uploads\/2023\/01\/o-que-e-razao-social-1.jpg","datePublished":"2025-11-10T12:32:50+00:00","dateModified":"2025-11-19T12:55:44+00:00","description":"Entenda o que \u00e9 raz\u00e3o social, como ela funciona e qual a sua import\u00e2ncia para abrir e formalizar um neg\u00f3cio no e-commerce.","breadcrumb":{"@id":"https:\/\/bagy.com.br\/blog\/o-que-e-razao-social\/#breadcrumb"},"mainEntity":[{"@id":"https:\/\/bagy.com.br\/blog\/o-que-e-razao-social\/#faq-question-1763556161344"},{"@id":"https:\/\/bagy.com.br\/blog\/o-que-e-razao-social\/#faq-question-1763556196902"},{"@id":"https:\/\/bagy.com.br\/blog\/o-que-e-razao-social\/#faq-question-1763556210869"},{"@id":"https:\/\/bagy.com.br\/blog\/o-que-e-razao-social\/#faq-question-1763556225859"},{"@id":"https:\/\/bagy.com.br\/blog\/o-que-e-razao-social\/#faq-question-1763556241002"},{"@id":"https:\/\/bagy.com.br\/blog\/o-que-e-razao-social\/#faq-question-1763556259101"}],"inLanguage":"pt-BR","potentialAction":[{"@type":"ReadAction","target":["https:\/\/bagy.com.br\/blog\/o-que-e-razao-social\/"]}]},{"@type":"ImageObject","inLanguage":"pt-BR","@id":"https:\/\/bagy.com.br\/blog\/o-que-e-razao-social\/#primaryimage","url":"https:\/\/bagy.com.br\/blog\/wp-content\/uploads\/2023\/01\/o-que-e-razao-social-1.jpg","contentUrl":"https:\/\/bagy.com.br\/blog\/wp-content\/uploads\/2023\/01\/o-que-e-razao-social-1.jpg","width":1200,"height":801,"caption":"Imagem ilustrativa de o que \u00e9 raz\u00e3o social"},{"@type":"BreadcrumbList","@id":"https:\/\/bagy.com.br\/blog\/o-que-e-razao-social\/#breadcrumb","itemListElement":[{"@type":"ListItem","position":1,"name":"Home","item":"https:\/\/bagy.com.br\/blog\/"},{"@type":"ListItem","position":2,"name":"O que \u00e9 raz\u00e3o social: entenda o significa e a import\u00e2ncia para sua empresa"}]},{"@type":"WebSite","@id":"https:\/\/bagy.com.br\/blog\/#website","url":"https:\/\/bagy.com.br\/blog\/","name":"Blog da Bagy","description":"Venda mais na sua loja online!","publisher":{"@id":"https:\/\/bagy.com.br\/blog\/#organization"},"potentialAction":[{"@type":"SearchAction","target":{"@type":"EntryPoint","urlTemplate":"https:\/\/bagy.com.br\/blog\/?s={search_term_string}"},"query-input":{"@type":"PropertyValueSpecification","valueRequired":true,"valueName":"search_term_string"}}],"inLanguage":"pt-BR"},{"@type":"Organization","@id":"https:\/\/bagy.com.br\/blog\/#organization","name":"Blog da Bagy","url":"https:\/\/bagy.com.br\/blog\/","logo":{"@type":"ImageObject","inLanguage":"pt-BR","@id":"https:\/\/bagy.com.br\/blog\/#\/schema\/logo\/image\/","url":"https:\/\/bagy.com.br\/blog\/wp-content\/uploads\/2023\/05\/logo_3.png","contentUrl":"https:\/\/bagy.com.br\/blog\/wp-content\/uploads\/2023\/05\/logo_3.png","width":1080,"height":1080,"caption":"Blog da Bagy"},"image":{"@id":"https:\/\/bagy.com.br\/blog\/#\/schema\/logo\/image\/"}},{"@type":"Person","@id":"https:\/\/bagy.com.br\/blog\/#\/schema\/person\/14c2402cc9dbed63def871b88d3a5844","name":"Marina Correa","image":{"@type":"ImageObject","inLanguage":"pt-BR","@id":"https:\/\/bagy.com.br\/blog\/#\/schema\/person\/image\/","url":"https:\/\/secure.gravatar.com\/avatar\/9cb330441883a2ce7b2e404ab12232d0eea7eb96ac20228e41519205bf693043?s=96&d=mm&r=g","contentUrl":"https:\/\/secure.gravatar.com\/avatar\/9cb330441883a2ce7b2e404ab12232d0eea7eb96ac20228e41519205bf693043?s=96&d=mm&r=g","caption":"Marina Correa"},"description":"Graduanda em Letras pela UFMG, atua como Analista de Conte\u00fado da Commerce SMB (LWSA). Com uma experi\u00eancia de mais de 4 anos no mercado digital, possui vasto conhecimento sobre empreendedorismo e vendas online. Hoje se dedica a trazer conte\u00fados de valor para lojistas que desejam aprender mais sobre o universo do e-commerce.","sameAs":["https:\/\/www.linkedin.com\/in\/marinaacorreaa"]},{"@type":"Question","@id":"https:\/\/bagy.com.br\/blog\/o-que-e-razao-social\/#faq-question-1763556161344","position":1,"url":"https:\/\/bagy.com.br\/blog\/o-que-e-razao-social\/#faq-question-1763556161344","name":"Qual a diferen\u00e7a entre raz\u00e3o social e nome fantasia?","answerCount":1,"acceptedAnswer":{"@type":"Answer","text":"A raz\u00e3o social \u00e9 o nome oficial, usado em documentos fiscais e registros legais. O nome fantasia \u00e9 a marca apresentada ao p\u00fablico no dia a dia.","inLanguage":"pt-BR"},"inLanguage":"pt-BR"},{"@type":"Question","@id":"https:\/\/bagy.com.br\/blog\/o-que-e-razao-social\/#faq-question-1763556196902","position":2,"url":"https:\/\/bagy.com.br\/blog\/o-que-e-razao-social\/#faq-question-1763556196902","name":"Posso alterar a raz\u00e3o social depois de registrada?","answerCount":1,"acceptedAnswer":{"@type":"Answer","text":"Sim. \u00c9 poss\u00edvel solicitar a mudan\u00e7a na Junta Comercial, apresentando documenta\u00e7\u00e3o atualizada e pagando as taxas correspondentes.","inLanguage":"pt-BR"},"inLanguage":"pt-BR"},{"@type":"Question","@id":"https:\/\/bagy.com.br\/blog\/o-que-e-razao-social\/#faq-question-1763556210869","position":3,"url":"https:\/\/bagy.com.br\/blog\/o-que-e-razao-social\/#faq-question-1763556210869","name":"\u00c9 obrigat\u00f3rio incluir a natureza jur\u00eddica no nome?","answerCount":1,"acceptedAnswer":{"@type":"Answer","text":"Sim. Siglas como LTDA, MEI ou EIRELI precisam estar na raz\u00e3o social, pois indicam o tipo jur\u00eddico da empresa.","inLanguage":"pt-BR"},"inLanguage":"pt-BR"},{"@type":"Question","@id":"https:\/\/bagy.com.br\/blog\/o-que-e-razao-social\/#faq-question-1763556225859","position":4,"url":"https:\/\/bagy.com.br\/blog\/o-que-e-razao-social\/#faq-question-1763556225859","name":"Como saber se a raz\u00e3o social desejada est\u00e1 dispon\u00edvel?","answerCount":1,"acceptedAnswer":{"@type":"Answer","text":"Basta consultar a Junta Comercial do estado ou a base da Receita Federal. Isso evita conflitos e atrasos no registro.","inLanguage":"pt-BR"},"inLanguage":"pt-BR"},{"@type":"Question","@id":"https:\/\/bagy.com.br\/blog\/o-que-e-razao-social\/#faq-question-1763556241002","position":5,"url":"https:\/\/bagy.com.br\/blog\/o-que-e-razao-social\/#faq-question-1763556241002","name":"A raz\u00e3o social aparece para clientes ou s\u00f3 \u00e9 usada legalmente?","answerCount":1,"acceptedAnswer":{"@type":"Answer","text":"Normalmente, ela n\u00e3o aparece na divulga\u00e7\u00e3o ao p\u00fablico. O cliente conhece a marca pelo nome fantasia, enquanto a raz\u00e3o social \u00e9 usada em notas fiscais e contratos.","inLanguage":"pt-BR"},"inLanguage":"pt-BR"},{"@type":"Question","@id":"https:\/\/bagy.com.br\/blog\/o-que-e-razao-social\/#faq-question-1763556259101","position":6,"url":"https:\/\/bagy.com.br\/blog\/o-que-e-razao-social\/#faq-question-1763556259101","name":"Qual \u00f3rg\u00e3o \u00e9 respons\u00e1vel pelo registro da raz\u00e3o social?","answerCount":1,"acceptedAnswer":{"@type":"Answer","text":"O registro \u00e9 feito na Junta Comercial do estado onde a empresa ser\u00e1 aberta. A partir da\u00ed, os dados s\u00e3o integrados com a Receita Federal para emiss\u00e3o do CNPJ.","inLanguage":"pt-BR"},"inLanguage":"pt-BR"}]}},"views":187,"_links":{"self":[{"href":"https:\/\/bagy.com.br\/blog\/wp-json\/wp\/v2\/posts\/10922","targetHints":{"allow":["GET"]}}],"collection":[{"href":"https:\/\/bagy.com.br\/blog\/wp-json\/wp\/v2\/posts"}],"about":[{"href":"https:\/\/bagy.com.br\/blog\/wp-json\/wp\/v2\/types\/post"}],"author":[{"embeddable":true,"href":"https:\/\/bagy.com.br\/blog\/wp-json\/wp\/v2\/users\/30"}],"replies":[{"embeddable":true,"href":"https:\/\/bagy.com.br\/blog\/wp-json\/wp\/v2\/comments?post=10922"}],"version-history":[{"count":3,"href":"https:\/\/bagy.com.br\/blog\/wp-json\/wp\/v2\/posts\/10922\/revisions"}],"predecessor-version":[{"id":20749,"href":"https:\/\/bagy.com.br\/blog\/wp-json\/wp\/v2\/posts\/10922\/revisions\/20749"}],"wp:featuredmedia":[{"embeddable":true,"href":"https:\/\/bagy.com.br\/blog\/wp-json\/wp\/v2\/media\/11222"}],"wp:attachment":[{"href":"https:\/\/bagy.com.br\/blog\/wp-json\/wp\/v2\/media?parent=10922"}],"wp:term":[{"taxonomy":"category","embeddable":true,"href":"https:\/\/bagy.com.br\/blog\/wp-json\/wp\/v2\/categories?post=10922"},{"taxonomy":"post_tag","embeddable":true,"href":"https:\/\/bagy.com.br\/blog\/wp-json\/wp\/v2\/tags?post=10922"}],"curies":[{"name":"wp","href":"https:\/\/api.w.org\/{rel}","templated":true}]}}