{"id":10625,"date":"2022-03-08T00:00:00","date_gmt":"2022-03-08T03:00:00","guid":{"rendered":"https:\/\/evcode.com.br\/bagy\/negros-bem-sucedidos\/"},"modified":"2024-10-28T16:53:41","modified_gmt":"2024-10-28T19:53:41","slug":"negros-bem-sucedidos","status":"publish","type":"post","link":"https:\/\/bagy.com.br\/blog\/negros-bem-sucedidos\/","title":{"rendered":"Conhe\u00e7a a trajet\u00f3ria de 7 negros bem-sucedidos no empreendedorismo e se inspire"},"content":{"rendered":"\n<p><strong>Sabemos que o racismo estrutural est\u00e1 enraizado na nossa sociedade e se torna obst\u00e1culo para que a popula\u00e7\u00e3o preta e parda alcance lugares de destaque na sociedade. Os desafios impostos pelo racismo faz com que isso aconte\u00e7a diante de um esfor\u00e7o muito grande. Negros bem-sucedidos irritam racistas e s\u00e3o prova de mudan\u00e7a social.<\/strong><\/p>\n\n\n\n<!--more-->\n\n\n\n<p>Voc\u00ea com certeza conhece algu\u00e9m que come\u00e7ou a empreender do nada, n\u00e3o \u00e9 mesmo? Ter o pr\u00f3prio neg\u00f3cio \u00e9 o sonho de muitos brasileiros que buscam mais autonomia e qualidade de vida.<\/p>\n\n\n\n<p>Entre todas as pessoas que empreendem, conseguimos ver que os empreendedores negros tem ganhado cada vez mais destaque, principalmente com a for\u00e7a do movimento do empreendedorismo negro, que visa justamente valorizar o trabalho das pessoas negras enquanto promove uma conscientiza\u00e7\u00e3o maior do racismo.<\/p>\n\n\n\n<p>Com <a href=\"https:\/\/bagy.com.br\/blog\/formas-de-empreender\/\" target=\"_blank\" rel=\"noreferrer noopener\">formas de empreender<\/a> diferentes, os empreendedores negros tem ganhado mais espa\u00e7o no mercado ao oferecer servi\u00e7os ou produtos que atendam as necessidades de diversos p\u00fablicos, al\u00e9m de promover o crescimento profissional de pessoas da sua comunidade no mercado, inserindo elas em locais onde conseguem se destacar e mostrar todo o seu potencial.<\/p>\n\n\n\n<p>Neste artigo, separamos 7 empreendedores negros de sucesso, que conseguiram elevar seus neg\u00f3cios e ajudar muita gente a crescer no seu caminho!<\/p>\n\n\n\n<h2 class=\"wp-block-heading\">Conhe\u00e7a a hist\u00f3ria de 7 empreendedores negros<\/h2>\n\n\n\n<p>Os negros formam mais da metade da popula\u00e7\u00e3o brasileira, sendo que 29% deles possuem seu pr\u00f3prio neg\u00f3cio, totalizando 14 milh\u00f5es de empreendedores negros no pa\u00eds. Mas se formos considerar todo o mercado, os negros conseguem movimentar no Brasil cerca de R$1,7 trilh\u00e3o por ano.<\/p>\n\n\n\n<p>Esses dados sa\u00edram da pesquisa A Voz e a Vez &#8211; Diversidade no Mercado de Consumo e Empreendedorismo, feita pelo Instituto Locomotiva com apoio do Ita\u00fa, que nos mostra que a contribui\u00e7\u00e3o das pessoas negras no Brasil \u00e9 enorme.&nbsp;<\/p>\n\n\n\n<p>Abaixo voc\u00ea conhece melhor como 7 empreendedores negros bem-sucedidos conquistaram \u00f3timos resultados com seus neg\u00f3cios.<\/p>\n\n\n\n<h3 class=\"wp-block-heading\">Gabriela Voltarelli da Casa de Bolos<\/h3>\n\n\n\n<p>A Casa de Bolos \u00e9 uma conhecida rede de <a href=\"https:\/\/bagy.com.br\/blog\/ideias-de-pequenos-negocios-lucrativos\/\">franq<\/a><a href=\"https:\/\/bagy.com.br\/blog\/ideias-de-pequenos-negocios-lucrativos\/\" target=\"_blank\" rel=\"noreferrer noopener\">u<\/a><a href=\"https:\/\/bagy.com.br\/blog\/ideias-de-pequenos-negocios-lucrativos\/\">ias<\/a> que vende uma grande variedade de bolos caseiros pelo pa\u00eds. Ela iniciou como uma pequena loja familiar que logo cresceu e se tornou uma grande franquia.<\/p>\n\n\n\n<p>Era dentro de uma das unidades da Casa de Bolos que a Gabriela trabalhava, onde era considerada como a \u201cprata da casa\u201d pelo seu esfor\u00e7o e dedica\u00e7\u00e3o. Com o passar do tempo, ela foi sendo reconhecida e promovida dentro da rede, onde de untadora de forma virou confeiteira, e de l\u00e1 subiu para gerente de loja.<\/p>\n\n\n\n<p>Com seu sucesso e gosto pelo trabalho e a franquia, Gabriela resolveu que tinha que empreender e ter seu pr\u00f3prio neg\u00f3cio. Ent\u00e3o em 2018 ela resolveu escolher a rede que a apoiou na sua carreira e comprou uma das franquias da unidade.<\/p>\n\n\n\n<p>Hoje ela possui uma unidade em Cravinhos, no interior de S\u00e3o Paulo, e conseguiu ter muito sucesso na sua empreitada.<\/p>\n\n\n\n<h3 class=\"wp-block-heading\">Paulo Elias do Sof\u00e1 Novo de Novo<\/h3>\n\n\n\n<p>Paulo Elias \u00e9 outro grande <a href=\"https:\/\/bagy.com.br\/blog\/empreendedor-negro\/\" target=\"_blank\" rel=\"noreferrer noopener\">empreendedor negro<\/a> bem-sucedido que conseguiu superar diversos desafios na sua jornada e chegar onde est\u00e1 hoje.<\/p>\n\n\n\n<p>Paulo nasceu e foi criado em uma comunidade do Rio de Janeiro, onde mesmo n\u00e3o possuindo muita estrutura, conseguiu se dedicar ao seu principal sonho: os estudos.<\/p>\n\n\n\n<p>Ele terminou a faculdade e fez dois MBAs e com isso, trabalhou em diversos empregos e fez carreira em uma das maiores redes de eletrodom\u00e9sticos e m\u00f3veis do pa\u00eds. Ele ent\u00e3o pegou toda essa experi\u00eancia e conhecimento e decidiu aplicar no seu pr\u00f3prio neg\u00f3cio.<\/p>\n\n\n\n<p>Hoje Paulo possui uma franquia bem-sucedida da Sof\u00e1 Novo de Novo, uma rede especializada na higieniza\u00e7\u00e3o e impermeabiliza\u00e7\u00e3o de estofados. Por mais que tenha atingido seu sucesso, Paulo observa que parte da sociedade n\u00e3o se sente confort\u00e1vel em ver um negro na posi\u00e7\u00e3o dele e acredita que essa diferen\u00e7a precisa ser resolvida.<\/p>\n\n\n\n<h3 class=\"wp-block-heading\">Monique Evelle da Kumasi<\/h3>\n\n\n\n<p><a href=\"https:\/\/moniqueevelle.com.br\/\" target=\"_blank\" rel=\"noreferrer noopener\">Monique Evelle<\/a> \u00e9 uma das empreendedoras mais bem-sucedidas. Desde nova, ela tinha o esp\u00edrito empreendedor de querer resolver problemas. Nascida em Salvador e filha \u00fanica, Monique est\u00e1 entre os 50 profissionais mais criativos do Brasil pela revista Wired por conta dos seus projetos que ajudam a comunidade negra do Brasil.<\/p>\n\n\n\n<p>Ela \u00e9 uma das fundados do e-commerce Kumasi, especializado na venda de produtos criados por empreendedores negros de Salvador, onde eles conseguem contar com <a href=\"https:\/\/bagy.com.br\/blog\/help-desk\/\" target=\"_blank\" rel=\"noreferrer noopener\">suporte<\/a> para aumentar suas vendas e melhorar o atendimento ao cliente.<\/p>\n\n\n\n<h3 class=\"wp-block-heading\">Carolina Lima da PraPreta<\/h3>\n\n\n\n<p>Carolina sempre teve o sonho de ter seu pr\u00f3prio neg\u00f3cio, mas que deixava de lado por causa de demandas mais urgentes que tinha que focar. Por\u00e9m, com o passar do tempo, ela come\u00e7ou a perceber uma lacuna no mercado de cosm\u00e9ticos, onde n\u00e3o tinha produtos espec\u00edficos para mulheres de cabelos crespos, cacheados ou alongados.<\/p>\n\n\n\n<p>A pergunta \u201cpor que tenho que acessar um site em que todo mundo tem cabelo liso para comprar meus produtos de beleza?\u201d foi a principal motiva\u00e7\u00e3o para que Carolina come\u00e7asse a pensar em um modelo de neg\u00f3cio para empreender.<\/p>\n\n\n\n<p>Foi da\u00ed que surgiu a PraPreta, uma loja virtual que tem como objetivo oferecer \u00e0s mulheres negras <a href=\"https:\/\/bagy.com.br\/blog\/como-comecar-uma-loja-de-cosmeticos\/\" target=\"_blank\" rel=\"noreferrer noopener\">cosm\u00e9ticos<\/a> de qualidade, que atendam a sua beleza e bem-estar enquanto deixam elas mais representadas em propagandas.\u00a0<\/p>\n\n\n\n<p>Hoje a loja conta com 60 itens no seu cat\u00e1logo, incluindo shampoos, condicionadores, cremes de tratamentos, entre outros cosm\u00e9ticos de marcas nacionais e internacionais para cuidar dos cabelos crespos e cacheados.<\/p>\n\n\n\n<h3 class=\"wp-block-heading\">Cynthia Mariah do Ateli\u00ea Cynthia Mariah<\/h3>\n\n\n\n<p>O esp\u00edrito empreendedor da Cynthia surgiu depois de uma experi\u00eancia de trabalho como telemarketing, onde ela percebeu que n\u00e3o tinha voca\u00e7\u00e3o para trabalhar para os outros e que precisava ter seu pr\u00f3prio neg\u00f3cio.<\/p>\n\n\n\n<p>Na \u00e9poca, Cynthia adorava customizar as suas <a href=\"https:\/\/bagy.com.br\/blog\/vender-roupas-online-e-um-bom-negocio\/\" target=\"_blank\" rel=\"noreferrer noopener\">roupas<\/a>, e as pessoas ao seu redor gostavam das pe\u00e7as que fazia. Com isso, a empreendedora conseguiu juntar a sua habilidade com uma procura do mercado para lan\u00e7ar sua pr\u00f3pria marca de roupas.<\/p>\n\n\n\n<p>O principal foco da Cynthia \u00e9 na cria\u00e7\u00e3o de pe\u00e7as \u00fanicas que ela consegue vender ao divulg\u00e1-las em eventos, desfiles e at\u00e9 mesmo nos grupos do WhatsApp. Hoje Cynthia tamb\u00e9m trabalha com a educa\u00e7\u00e3o, onde ela ministra cursos de moda acess\u00edveis para mulheres que t\u00eam o sonho de entrar na \u00e1rea.<\/p>\n\n\n\n<h3 class=\"wp-block-heading\">Luciana Reis da Merc\u2019afro<\/h3>\n\n\n\n<p>Luciana nasceu e foi criada na periferia de Salvador e por conta disso passou por diversos desafios durante sua carreira at\u00e9 come\u00e7ar a empreender. Formada em Publicidade, teve dificuldade de adentrar ao mercado, o que a fez se dedicar ao servi\u00e7o p\u00fablico por 10 anos.<\/p>\n\n\n\n<p>Por\u00e9m o seu trabalho n\u00e3o a agradava, e ela queria fazer algo diferente com a sua vida. Foi a\u00ed que Luciana decidiu empreender e lan\u00e7ou em 2014 a Merc\u2019afro, uma ag\u00eancia que ajuda no desenvolvimento de neg\u00f3cios locais.<\/p>\n\n\n\n<p>Hoje Luciana trabalha como consultora, ajudando os pequenos empreendedores a desenvolverem seus neg\u00f3cios utilizando estrat\u00e9gias de comunica\u00e7\u00e3o e estudo de potencialidades, onde ela analisa o que o empreendedor possui de recursos e como isso pode ser trabalhado para atingir \u00f3timos resultados no mercado.<\/p>\n\n\n\n<h3 class=\"wp-block-heading\">Mait\u00ea Louren\u00e7o da BlackRocks<\/h3>\n\n\n\n<p>Por fim, a \u00faltima empreendedora da nossa lista de negros bem-sucedidos \u00e9 a Mait\u00ea Louren\u00e7o, que lidera o hub de inova\u00e7\u00e3o BlackRocks Startups, onde ela atua na capacita\u00e7\u00e3o de profissionais negros no mercado para ajud\u00e1-los a conseguir seu primeiro investimento em seus pr\u00f3prios neg\u00f3cios.<\/p>\n\n\n\n<p>Mait\u00ea viu a necessidade de assumir o grupo em 2010, na mesma \u00e9poca em que ela fundou a Cia de Curr\u00edculos, um e-commerce na \u00e1rea de recursos humanos. No per\u00edodo, ela participava constantemente de eventos na comunidade de empreendedores brasileiros, e sentia falta de ver mais pessoas negras no espa\u00e7o.<\/p>\n\n\n\n<p>Seu primeiro acesso a BlackRocks Startups foi com um grupo de WhatsApp que fornecia ingressos a eventos e informava o que acontecia no universo do empreendedorismo. Com o passar do tempo, mait\u00ea sentiu a necssidade de assumir o grupo para mudar a situa\u00e7\u00e3o e conseguir trazer mais negros para eventos de empreendedorismo.<\/p>\n\n\n\n<p>Desde ent\u00e3o, o grupo tem crescido bastante, sendo que j\u00e1 contou com o apoio do BTG Pactual e do TikTok, que aceleraram 10 startups fundadas por pessoas negras. Mait\u00ea acredita que quanto mais apoio as startups de empreendedores negros receberem, ser\u00e1 poss\u00edvel ajudar mais pessoas negras a crescerem economicamente.<\/p>\n\n\n\n<p>Os empreendedores negros est\u00e3o conseguindo adentar no mercado e criar seus neg\u00f3cios que al\u00e9m de promoverem seu crescimento pessoal, tamb\u00e9m ajudam a levantar toda a comunidade para crescer junto e melhorar o estilo de vida e oportunidades futuras.<\/p>\n\n\n\n<p>As jornadas que cada um deles seguiram ajudam a inspirar diversas pessoas a entrarem de vez no mundo do <a href=\"https:\/\/bagy.com.br\/blog\/empreendedorismo-feminino\/\" target=\"_blank\" rel=\"noreferrer noopener\">empreendedorismo<\/a> e conseguirem ter mais autonomia no seu dia a dia, enquanto alcan\u00e7am seus principais objetivos.<\/p>\n\n\n\n<p>Se voc\u00ea leu este conte\u00fado at\u00e9 aqui, com certeza deve ter um esp\u00edrito empreendedor dentro de voc\u00ea querendo se mostrar ao mundo e criar produtos ou servi\u00e7os incr\u00edveis para melhorar algum problema ou suprir uma necessidade que existe.-<\/p>\n\n\n\n<p>Se voc\u00ea tem essa vontade, ou j\u00e1 \u00e9 um empreendedor, \u00e9 importante que voc\u00ea sempre busque mais conhecimento e principalmente estrat\u00e9gias diferentes para conseguir se manter no mercado e ter um bom p\u00fablico.&nbsp;<\/p>\n","protected":false},"excerpt":{"rendered":"<p>Sabemos que o racismo estrutural est\u00e1 enraizado na nossa sociedade e se torna obst\u00e1culo para que a popula\u00e7\u00e3o preta e parda alcance lugares de destaque na sociedade. Os desafios impostos pelo racismo faz com que isso aconte\u00e7a diante de um esfor\u00e7o muito grande. Negros bem-sucedidos irritam racistas e s\u00e3o prova de mudan\u00e7a social.<\/p>\n","protected":false},"author":19,"featured_media":4271,"comment_status":"open","ping_status":"open","sticky":false,"template":"","format":"standard","meta":{"_acf_changed":false,"content-type":"","om_disable_all_campaigns":false,"footnotes":""},"categories":[29],"tags":[],"class_list":["post-10625","post","type-post","status-publish","format-standard","has-post-thumbnail","hentry","category-empreendedorismo"],"acf":[],"yoast_head":"<!-- This site is optimized with the Yoast SEO plugin v26.2 - https:\/\/yoast.com\/wordpress\/plugins\/seo\/ -->\n<title>Conhe\u00e7a a trajet\u00f3ria de 7 negros bem-sucedidos no empreendedorismo<\/title>\n<meta name=\"description\" content=\"Conhe\u00e7a 7 empreendedores negros bem-sucedidos e suas trajet\u00f3rias que resultaram em neg\u00f3cios de sucesso!\" \/>\n<meta name=\"robots\" content=\"index, follow, max-snippet:-1, max-image-preview:large, max-video-preview:-1\" \/>\n<link rel=\"canonical\" href=\"https:\/\/bagy.com.br\/blog\/negros-bem-sucedidos\/\" \/>\n<meta property=\"og:locale\" content=\"pt_BR\" \/>\n<meta property=\"og:type\" content=\"article\" \/>\n<meta property=\"og:title\" content=\"Conhe\u00e7a a trajet\u00f3ria de 7 negros bem-sucedidos no empreendedorismo\" \/>\n<meta property=\"og:description\" content=\"Conhe\u00e7a 7 empreendedores negros bem-sucedidos e suas trajet\u00f3rias que resultaram em neg\u00f3cios de sucesso!\" \/>\n<meta property=\"og:url\" content=\"https:\/\/bagy.com.br\/blog\/negros-bem-sucedidos\/\" \/>\n<meta property=\"og:site_name\" content=\"Blog da Bagy\" \/>\n<meta property=\"article:published_time\" content=\"2022-03-08T03:00:00+00:00\" \/>\n<meta property=\"article:modified_time\" content=\"2024-10-28T19:53:41+00:00\" \/>\n<meta property=\"og:image\" content=\"https:\/\/bagy.com.br\/blog\/wp-content\/uploads\/2022\/03\/negros-bem-sucedidos-1.jpg\" \/>\n\t<meta property=\"og:image:width\" content=\"1200\" \/>\n\t<meta property=\"og:image:height\" content=\"900\" \/>\n\t<meta property=\"og:image:type\" content=\"image\/jpeg\" \/>\n<meta name=\"author\" content=\"Let\u00edcia Silva\" \/>\n<meta name=\"twitter:card\" content=\"summary_large_image\" \/>\n<meta name=\"twitter:label1\" content=\"Escrito por\" \/>\n\t<meta name=\"twitter:data1\" content=\"Let\u00edcia Silva\" \/>\n\t<meta name=\"twitter:label2\" content=\"Est. tempo de leitura\" \/>\n\t<meta name=\"twitter:data2\" content=\"9 minutos\" \/>\n<script type=\"application\/ld+json\" class=\"yoast-schema-graph\">{\"@context\":\"https:\/\/schema.org\",\"@graph\":[{\"@type\":\"Article\",\"@id\":\"https:\/\/bagy.com.br\/blog\/negros-bem-sucedidos\/#article\",\"isPartOf\":{\"@id\":\"https:\/\/bagy.com.br\/blog\/negros-bem-sucedidos\/\"},\"author\":{\"name\":\"Let\u00edcia Silva\",\"@id\":\"https:\/\/bagy.com.br\/blog\/#\/schema\/person\/5598b9ca9ca8632cad9fad5b2a0ceb65\"},\"headline\":\"Conhe\u00e7a a trajet\u00f3ria de 7 negros bem-sucedidos no empreendedorismo e se inspire\",\"datePublished\":\"2022-03-08T03:00:00+00:00\",\"dateModified\":\"2024-10-28T19:53:41+00:00\",\"mainEntityOfPage\":{\"@id\":\"https:\/\/bagy.com.br\/blog\/negros-bem-sucedidos\/\"},\"wordCount\":1585,\"commentCount\":0,\"publisher\":{\"@id\":\"https:\/\/bagy.com.br\/blog\/#organization\"},\"image\":{\"@id\":\"https:\/\/bagy.com.br\/blog\/negros-bem-sucedidos\/#primaryimage\"},\"thumbnailUrl\":\"https:\/\/bagy.com.br\/blog\/wp-content\/uploads\/2022\/03\/negros-bem-sucedidos-1.jpg\",\"articleSection\":[\"Empreendedorismo\"],\"inLanguage\":\"pt-BR\",\"potentialAction\":[{\"@type\":\"CommentAction\",\"name\":\"Comment\",\"target\":[\"https:\/\/bagy.com.br\/blog\/negros-bem-sucedidos\/#respond\"]}]},{\"@type\":\"WebPage\",\"@id\":\"https:\/\/bagy.com.br\/blog\/negros-bem-sucedidos\/\",\"url\":\"https:\/\/bagy.com.br\/blog\/negros-bem-sucedidos\/\",\"name\":\"Conhe\u00e7a a trajet\u00f3ria de 7 negros bem-sucedidos no empreendedorismo\",\"isPartOf\":{\"@id\":\"https:\/\/bagy.com.br\/blog\/#website\"},\"primaryImageOfPage\":{\"@id\":\"https:\/\/bagy.com.br\/blog\/negros-bem-sucedidos\/#primaryimage\"},\"image\":{\"@id\":\"https:\/\/bagy.com.br\/blog\/negros-bem-sucedidos\/#primaryimage\"},\"thumbnailUrl\":\"https:\/\/bagy.com.br\/blog\/wp-content\/uploads\/2022\/03\/negros-bem-sucedidos-1.jpg\",\"datePublished\":\"2022-03-08T03:00:00+00:00\",\"dateModified\":\"2024-10-28T19:53:41+00:00\",\"description\":\"Conhe\u00e7a 7 empreendedores negros bem-sucedidos e suas trajet\u00f3rias que resultaram em neg\u00f3cios de sucesso!\",\"breadcrumb\":{\"@id\":\"https:\/\/bagy.com.br\/blog\/negros-bem-sucedidos\/#breadcrumb\"},\"inLanguage\":\"pt-BR\",\"potentialAction\":[{\"@type\":\"ReadAction\",\"target\":[\"https:\/\/bagy.com.br\/blog\/negros-bem-sucedidos\/\"]}]},{\"@type\":\"ImageObject\",\"inLanguage\":\"pt-BR\",\"@id\":\"https:\/\/bagy.com.br\/blog\/negros-bem-sucedidos\/#primaryimage\",\"url\":\"https:\/\/bagy.com.br\/blog\/wp-content\/uploads\/2022\/03\/negros-bem-sucedidos-1.jpg\",\"contentUrl\":\"https:\/\/bagy.com.br\/blog\/wp-content\/uploads\/2022\/03\/negros-bem-sucedidos-1.jpg\",\"width\":1200,\"height\":900,\"caption\":\"Conhe\u00e7a negfros bem sucedidos no empreendedorismo\"},{\"@type\":\"BreadcrumbList\",\"@id\":\"https:\/\/bagy.com.br\/blog\/negros-bem-sucedidos\/#breadcrumb\",\"itemListElement\":[{\"@type\":\"ListItem\",\"position\":1,\"name\":\"Home\",\"item\":\"https:\/\/bagy.com.br\/blog\/\"},{\"@type\":\"ListItem\",\"position\":2,\"name\":\"Conhe\u00e7a a trajet\u00f3ria de 7 negros bem-sucedidos no empreendedorismo e se inspire\"}]},{\"@type\":\"WebSite\",\"@id\":\"https:\/\/bagy.com.br\/blog\/#website\",\"url\":\"https:\/\/bagy.com.br\/blog\/\",\"name\":\"Blog da Bagy\",\"description\":\"Venda mais na sua loja online!\",\"publisher\":{\"@id\":\"https:\/\/bagy.com.br\/blog\/#organization\"},\"potentialAction\":[{\"@type\":\"SearchAction\",\"target\":{\"@type\":\"EntryPoint\",\"urlTemplate\":\"https:\/\/bagy.com.br\/blog\/?s={search_term_string}\"},\"query-input\":{\"@type\":\"PropertyValueSpecification\",\"valueRequired\":true,\"valueName\":\"search_term_string\"}}],\"inLanguage\":\"pt-BR\"},{\"@type\":\"Organization\",\"@id\":\"https:\/\/bagy.com.br\/blog\/#organization\",\"name\":\"Blog da Bagy\",\"url\":\"https:\/\/bagy.com.br\/blog\/\",\"logo\":{\"@type\":\"ImageObject\",\"inLanguage\":\"pt-BR\",\"@id\":\"https:\/\/bagy.com.br\/blog\/#\/schema\/logo\/image\/\",\"url\":\"https:\/\/bagy.com.br\/blog\/wp-content\/uploads\/2023\/05\/logo_3.png\",\"contentUrl\":\"https:\/\/bagy.com.br\/blog\/wp-content\/uploads\/2023\/05\/logo_3.png\",\"width\":1080,\"height\":1080,\"caption\":\"Blog da Bagy\"},\"image\":{\"@id\":\"https:\/\/bagy.com.br\/blog\/#\/schema\/logo\/image\/\"}},{\"@type\":\"Person\",\"@id\":\"https:\/\/bagy.com.br\/blog\/#\/schema\/person\/5598b9ca9ca8632cad9fad5b2a0ceb65\",\"name\":\"Let\u00edcia Silva\",\"image\":{\"@type\":\"ImageObject\",\"inLanguage\":\"pt-BR\",\"@id\":\"https:\/\/bagy.com.br\/blog\/#\/schema\/person\/image\/\",\"url\":\"https:\/\/secure.gravatar.com\/avatar\/45d95fc4a9b6926b5b64f82b4d511ce2f07f780469c9a8c7053e1acfc5c699b3?s=96&d=mm&r=g\",\"contentUrl\":\"https:\/\/secure.gravatar.com\/avatar\/45d95fc4a9b6926b5b64f82b4d511ce2f07f780469c9a8c7053e1acfc5c699b3?s=96&d=mm&r=g\",\"caption\":\"Let\u00edcia Silva\"}}]}<\/script>\n<!-- \/ Yoast SEO plugin. -->","yoast_head_json":{"title":"Conhe\u00e7a a trajet\u00f3ria de 7 negros bem-sucedidos no empreendedorismo","description":"Conhe\u00e7a 7 empreendedores negros bem-sucedidos e suas trajet\u00f3rias que resultaram em neg\u00f3cios de sucesso!","robots":{"index":"index","follow":"follow","max-snippet":"max-snippet:-1","max-image-preview":"max-image-preview:large","max-video-preview":"max-video-preview:-1"},"canonical":"https:\/\/bagy.com.br\/blog\/negros-bem-sucedidos\/","og_locale":"pt_BR","og_type":"article","og_title":"Conhe\u00e7a a trajet\u00f3ria de 7 negros bem-sucedidos no empreendedorismo","og_description":"Conhe\u00e7a 7 empreendedores negros bem-sucedidos e suas trajet\u00f3rias que resultaram em neg\u00f3cios de sucesso!","og_url":"https:\/\/bagy.com.br\/blog\/negros-bem-sucedidos\/","og_site_name":"Blog da Bagy","article_published_time":"2022-03-08T03:00:00+00:00","article_modified_time":"2024-10-28T19:53:41+00:00","og_image":[{"width":1200,"height":900,"url":"https:\/\/bagy.com.br\/blog\/wp-content\/uploads\/2022\/03\/negros-bem-sucedidos-1.jpg","type":"image\/jpeg"}],"author":"Let\u00edcia Silva","twitter_card":"summary_large_image","twitter_misc":{"Escrito por":"Let\u00edcia Silva","Est. tempo de leitura":"9 minutos"},"schema":{"@context":"https:\/\/schema.org","@graph":[{"@type":"Article","@id":"https:\/\/bagy.com.br\/blog\/negros-bem-sucedidos\/#article","isPartOf":{"@id":"https:\/\/bagy.com.br\/blog\/negros-bem-sucedidos\/"},"author":{"name":"Let\u00edcia Silva","@id":"https:\/\/bagy.com.br\/blog\/#\/schema\/person\/5598b9ca9ca8632cad9fad5b2a0ceb65"},"headline":"Conhe\u00e7a a trajet\u00f3ria de 7 negros bem-sucedidos no empreendedorismo e se inspire","datePublished":"2022-03-08T03:00:00+00:00","dateModified":"2024-10-28T19:53:41+00:00","mainEntityOfPage":{"@id":"https:\/\/bagy.com.br\/blog\/negros-bem-sucedidos\/"},"wordCount":1585,"commentCount":0,"publisher":{"@id":"https:\/\/bagy.com.br\/blog\/#organization"},"image":{"@id":"https:\/\/bagy.com.br\/blog\/negros-bem-sucedidos\/#primaryimage"},"thumbnailUrl":"https:\/\/bagy.com.br\/blog\/wp-content\/uploads\/2022\/03\/negros-bem-sucedidos-1.jpg","articleSection":["Empreendedorismo"],"inLanguage":"pt-BR","potentialAction":[{"@type":"CommentAction","name":"Comment","target":["https:\/\/bagy.com.br\/blog\/negros-bem-sucedidos\/#respond"]}]},{"@type":"WebPage","@id":"https:\/\/bagy.com.br\/blog\/negros-bem-sucedidos\/","url":"https:\/\/bagy.com.br\/blog\/negros-bem-sucedidos\/","name":"Conhe\u00e7a a trajet\u00f3ria de 7 negros bem-sucedidos no empreendedorismo","isPartOf":{"@id":"https:\/\/bagy.com.br\/blog\/#website"},"primaryImageOfPage":{"@id":"https:\/\/bagy.com.br\/blog\/negros-bem-sucedidos\/#primaryimage"},"image":{"@id":"https:\/\/bagy.com.br\/blog\/negros-bem-sucedidos\/#primaryimage"},"thumbnailUrl":"https:\/\/bagy.com.br\/blog\/wp-content\/uploads\/2022\/03\/negros-bem-sucedidos-1.jpg","datePublished":"2022-03-08T03:00:00+00:00","dateModified":"2024-10-28T19:53:41+00:00","description":"Conhe\u00e7a 7 empreendedores negros bem-sucedidos e suas trajet\u00f3rias que resultaram em neg\u00f3cios de sucesso!","breadcrumb":{"@id":"https:\/\/bagy.com.br\/blog\/negros-bem-sucedidos\/#breadcrumb"},"inLanguage":"pt-BR","potentialAction":[{"@type":"ReadAction","target":["https:\/\/bagy.com.br\/blog\/negros-bem-sucedidos\/"]}]},{"@type":"ImageObject","inLanguage":"pt-BR","@id":"https:\/\/bagy.com.br\/blog\/negros-bem-sucedidos\/#primaryimage","url":"https:\/\/bagy.com.br\/blog\/wp-content\/uploads\/2022\/03\/negros-bem-sucedidos-1.jpg","contentUrl":"https:\/\/bagy.com.br\/blog\/wp-content\/uploads\/2022\/03\/negros-bem-sucedidos-1.jpg","width":1200,"height":900,"caption":"Conhe\u00e7a negfros bem sucedidos no empreendedorismo"},{"@type":"BreadcrumbList","@id":"https:\/\/bagy.com.br\/blog\/negros-bem-sucedidos\/#breadcrumb","itemListElement":[{"@type":"ListItem","position":1,"name":"Home","item":"https:\/\/bagy.com.br\/blog\/"},{"@type":"ListItem","position":2,"name":"Conhe\u00e7a a trajet\u00f3ria de 7 negros bem-sucedidos no empreendedorismo e se inspire"}]},{"@type":"WebSite","@id":"https:\/\/bagy.com.br\/blog\/#website","url":"https:\/\/bagy.com.br\/blog\/","name":"Blog da Bagy","description":"Venda mais na sua loja online!","publisher":{"@id":"https:\/\/bagy.com.br\/blog\/#organization"},"potentialAction":[{"@type":"SearchAction","target":{"@type":"EntryPoint","urlTemplate":"https:\/\/bagy.com.br\/blog\/?s={search_term_string}"},"query-input":{"@type":"PropertyValueSpecification","valueRequired":true,"valueName":"search_term_string"}}],"inLanguage":"pt-BR"},{"@type":"Organization","@id":"https:\/\/bagy.com.br\/blog\/#organization","name":"Blog da Bagy","url":"https:\/\/bagy.com.br\/blog\/","logo":{"@type":"ImageObject","inLanguage":"pt-BR","@id":"https:\/\/bagy.com.br\/blog\/#\/schema\/logo\/image\/","url":"https:\/\/bagy.com.br\/blog\/wp-content\/uploads\/2023\/05\/logo_3.png","contentUrl":"https:\/\/bagy.com.br\/blog\/wp-content\/uploads\/2023\/05\/logo_3.png","width":1080,"height":1080,"caption":"Blog da Bagy"},"image":{"@id":"https:\/\/bagy.com.br\/blog\/#\/schema\/logo\/image\/"}},{"@type":"Person","@id":"https:\/\/bagy.com.br\/blog\/#\/schema\/person\/5598b9ca9ca8632cad9fad5b2a0ceb65","name":"Let\u00edcia Silva","image":{"@type":"ImageObject","inLanguage":"pt-BR","@id":"https:\/\/bagy.com.br\/blog\/#\/schema\/person\/image\/","url":"https:\/\/secure.gravatar.com\/avatar\/45d95fc4a9b6926b5b64f82b4d511ce2f07f780469c9a8c7053e1acfc5c699b3?s=96&d=mm&r=g","contentUrl":"https:\/\/secure.gravatar.com\/avatar\/45d95fc4a9b6926b5b64f82b4d511ce2f07f780469c9a8c7053e1acfc5c699b3?s=96&d=mm&r=g","caption":"Let\u00edcia Silva"}}]}},"views":2041,"_links":{"self":[{"href":"https:\/\/bagy.com.br\/blog\/wp-json\/wp\/v2\/posts\/10625","targetHints":{"allow":["GET"]}}],"collection":[{"href":"https:\/\/bagy.com.br\/blog\/wp-json\/wp\/v2\/posts"}],"about":[{"href":"https:\/\/bagy.com.br\/blog\/wp-json\/wp\/v2\/types\/post"}],"author":[{"embeddable":true,"href":"https:\/\/bagy.com.br\/blog\/wp-json\/wp\/v2\/users\/19"}],"replies":[{"embeddable":true,"href":"https:\/\/bagy.com.br\/blog\/wp-json\/wp\/v2\/comments?post=10625"}],"version-history":[{"count":5,"href":"https:\/\/bagy.com.br\/blog\/wp-json\/wp\/v2\/posts\/10625\/revisions"}],"predecessor-version":[{"id":17985,"href":"https:\/\/bagy.com.br\/blog\/wp-json\/wp\/v2\/posts\/10625\/revisions\/17985"}],"wp:featuredmedia":[{"embeddable":true,"href":"https:\/\/bagy.com.br\/blog\/wp-json\/wp\/v2\/media\/4271"}],"wp:attachment":[{"href":"https:\/\/bagy.com.br\/blog\/wp-json\/wp\/v2\/media?parent=10625"}],"wp:term":[{"taxonomy":"category","embeddable":true,"href":"https:\/\/bagy.com.br\/blog\/wp-json\/wp\/v2\/categories?post=10625"},{"taxonomy":"post_tag","embeddable":true,"href":"https:\/\/bagy.com.br\/blog\/wp-json\/wp\/v2\/tags?post=10625"}],"curies":[{"name":"wp","href":"https:\/\/api.w.org\/{rel}","templated":true}]}}